{"id":1071652,"date":"2024-03-25T18:02:26","date_gmt":"2024-03-25T17:02:26","guid":{"rendered":"https:\/\/associationlamancha.fr\/?p=1071652"},"modified":"2024-03-26T09:23:11","modified_gmt":"2024-03-26T08:23:11","slug":"1071652","status":"publish","type":"post","link":"https:\/\/associationlamancha.fr\/index.php\/2024\/03\/25\/1071652\/","title":{"rendered":""},"content":{"rendered":"\n[et_pb_section][et_pb_row][et_pb_column type=\u00a0\u00bb4_4&Prime;][et_pb_text]<!-- divi:image {\"id\":1071656,\"sizeSlug\":\"full\",\"linkDestination\":\"none\"} -->\n<figure class=\"wp-block-image size-full\"><img fetchpriority=\"high\" fetchpriority=\"high\" decoding=\"async\" width=\"605\" height=\"650\" src=\"https:\/\/associationlamancha.fr\/wp-content\/uploads\/2024\/03\/ContesMars-5.png\" alt=\"Animation pour enfants \u00e0 partir de 6 ans \u00e0 la Biblioth\u00e8que Boris Vian \u00e0 Tourlaville 370 r\u00e9sidence des Colverts\n\nGilles Groult, membre Mancha, animera cette lecture de contes d'Espagne et d'Am\u00e9rique Latine\" class=\"wp-image-1071656\" srcset=\"https:\/\/associationlamancha.fr\/wp-content\/uploads\/2024\/03\/ContesMars-5.png 605w, https:\/\/associationlamancha.fr\/wp-content\/uploads\/2024\/03\/ContesMars-5-480x516.png 480w\" sizes=\"(min-width: 0px) and (max-width: 480px) 480px, (min-width: 481px) 605px, 100vw\" \/><\/figure>\n<!-- \/divi:image -->[\/et_pb_text][\/et_pb_column][\/et_pb_row][\/et_pb_section]\n","protected":false},"excerpt":{"rendered":"<p><div class=\"et_pb_section et_pb_section_0 et_section_regular\" >\n\t\t\t\t\n\t\t\t\t\n\t\t\t\t\n\t\t\t\t\n\t\t\t\t\n\t\t\t\t\n\t\t\t\t\n\t\t\t\t\n\t\t\t\t\n\t\t\t<\/div><div class=\"et_pb_row et_pb_row_0 et_pb_row_empty\">\n\t\t\t\t\n\t\t\t\t\n\t\t\t\t\n\t\t\t\t\n\t\t\t\t\n\t\t\t<\/div><div class=\"et_pb_module et_pb_text et_pb_text_0  et_pb_text_align_left et_pb_bg_layout_light\">\n\t\t\t\t\n\t\t\t\t\n\t\t\t\t\n\t\t\t\t\n\t\t\t\t\n\t\t\t<\/div><\/p>\n","protected":false},"author":1,"featured_media":0,"comment_status":"open","ping_status":"open","sticky":false,"template":"","format":"quote","meta":{"_et_pb_use_builder":"on","_et_pb_old_content":"<!-- wp:image {\"id\":1071656,\"sizeSlug\":\"full\",\"linkDestination\":\"none\"} -->\n<figure class=\"wp-block-image size-full\"><img src=\"https:\/\/associationlamancha.fr\/wp-content\/uploads\/2024\/03\/ContesMars-5.png\" alt=\"Animation pour enfants \u00e0 partir de 6 ans \u00e0 la Biblioth\u00e8que Boris Vian \u00e0 Tourlaville 370 r\u00e9sidence des Colverts\n\nGilles Groult, membre Mancha, animera cette lecture de contes d'Espagne et d'Am\u00e9rique Latine\" class=\"wp-image-1071656\"\/><\/figure>\n<!-- \/wp:image -->","_et_gb_content_width":"1080","_uag_custom_page_level_css":"","_price":"","_stock":"","_tribe_ticket_header":"","_tribe_default_ticket_provider":"","_tribe_ticket_capacity":"0","_ticket_start_date":"","_ticket_end_date":"","_tribe_ticket_show_description":"","_tribe_ticket_show_not_going":false,"_tribe_ticket_use_global_stock":"","_tribe_ticket_global_stock_level":"","_global_stock_mode":"","_global_stock_cap":"","_tribe_rsvp_for_event":"","_tribe_ticket_going_count":"","_tribe_ticket_not_going_count":"","_tribe_tickets_list":"[]","_tribe_ticket_has_attendee_info_fields":false,"footnotes":""},"categories":[1],"tags":[],"class_list":["post-1071652","post","type-post","status-publish","format-quote","hentry","category-non-classe","post_format-post-format-quote"],"uagb_featured_image_src":{"full":false,"thumbnail":false,"medium":false,"medium_large":false,"large":false,"1536x1536":false,"2048x2048":false,"bloom_image":false,"et-pb-post-main-image":false,"et-pb-post-main-image-fullwidth":false,"et-pb-portfolio-image":false,"et-pb-portfolio-module-image":false,"et-pb-portfolio-image-single":false,"et-pb-gallery-module-image-portrait":false,"et-pb-post-main-image-fullwidth-large":false,"et-pb-image--responsive--desktop":false,"et-pb-image--responsive--tablet":false,"et-pb-image--responsive--phone":false},"uagb_author_info":{"display_name":"admin4162","author_link":"https:\/\/associationlamancha.fr"},"uagb_comment_info":0,"uagb_excerpt":"[et_pb_section][et_pb_row][et_pb_text]","_links":{"self":[{"href":"https:\/\/associationlamancha.fr\/index.php\/wp-json\/wp\/v2\/posts\/1071652","targetHints":{"allow":["GET"]}}],"collection":[{"href":"https:\/\/associationlamancha.fr\/index.php\/wp-json\/wp\/v2\/posts"}],"about":[{"href":"https:\/\/associationlamancha.fr\/index.php\/wp-json\/wp\/v2\/types\/post"}],"author":[{"embeddable":true,"href":"https:\/\/associationlamancha.fr\/index.php\/wp-json\/wp\/v2\/users\/1"}],"replies":[{"embeddable":true,"href":"https:\/\/associationlamancha.fr\/index.php\/wp-json\/wp\/v2\/comments?post=1071652"}],"version-history":[{"count":2,"href":"https:\/\/associationlamancha.fr\/index.php\/wp-json\/wp\/v2\/posts\/1071652\/revisions"}],"predecessor-version":[{"id":1072606,"href":"https:\/\/associationlamancha.fr\/index.php\/wp-json\/wp\/v2\/posts\/1071652\/revisions\/1072606"}],"wp:attachment":[{"href":"https:\/\/associationlamancha.fr\/index.php\/wp-json\/wp\/v2\/media?parent=1071652"}],"wp:term":[{"taxonomy":"category","embeddable":true,"href":"https:\/\/associationlamancha.fr\/index.php\/wp-json\/wp\/v2\/categories?post=1071652"},{"taxonomy":"post_tag","embeddable":true,"href":"https:\/\/associationlamancha.fr\/index.php\/wp-json\/wp\/v2\/tags?post=1071652"}],"curies":[{"name":"wp","href":"https:\/\/api.w.org\/{rel}","templated":true}]}}